{"id":2694,"date":"2019-04-02T20:59:07","date_gmt":"2019-04-02T20:59:07","guid":{"rendered":"https:\/\/ericher.com\/2019\/04\/02\/tiempos-cruce-puntos-fronterizos\/"},"modified":"2019-04-02T20:59:07","modified_gmt":"2019-04-02T20:59:07","slug":"tiempos-cruce-puntos-fronterizos","status":"publish","type":"post","link":"https:\/\/ericher.com\/en\/tiempos-cruce-puntos-fronterizos\/","title":{"rendered":"Tiempos de cruce en puntos fronterizos"},"content":{"rendered":"<p>Estimado Cliente<\/p>\n<p>Por medio del presente hacemos de su conocimiento que derivado de la problem\u00e1tica que se est\u00e1 presentando en la frontera de M\u00e9xico hacia Estados Unidos desde el dia de ayer en las oficinas de \u201cCustoms and Border Protection, con relaci\u00f3n al tema de contenci\u00f3n migratoria, de lo cual se redujo personal en sus casetas de modulaci\u00f3n a un 30%-40% solamente siendo 4 carriles habilitados en el Puente Internacional III, y que nos impacta directamente en el flujo comercial de mercanc\u00edas entre ambos pa\u00edses, se informa a trav\u00e9s de un comunicado de la Aduana de Nuevo Laredo que el personal de CBP (POR SUS SIGLAS EN INGLES) cerrara sus operaciones a las 23:00 hrs, en tal sentido para evitar se queden en tr\u00e1nsito de fila camiones sin cruzar por lo motivos antes descritos, solicitamos de su amable colaboraci\u00f3n y comprensi\u00f3n para realizar los despachos en un horario que afecte sus operaciones.<\/p>\n<p>Lo anterior, toda vez que la Aduana de Nuevo Laredo tambi\u00e9n cerrara sus operaciones a las 23:00 hrs con la finalidad de desahogar la fila en los patios de exportaci\u00f3n hasta su despacho en la Aduana de Estados Unidos.<\/p>\n<p>Atte,-<\/p>\n<p>Direccion Legal<\/p>","protected":false},"excerpt":{"rendered":"<p>Estimado Cliente Por medio del presente hacemos de su conocimiento que derivado de la problem\u00e1tica que se est\u00e1 presentando en la frontera de M\u00e9xico hacia Estados Unidos desde el dia de ayer en las oficinas de \u201cCustoms and Border Protection, con relaci\u00f3n al tema de contenci\u00f3n migratoria, de lo cual se redujo personal en sus [&hellip;]<\/p>\n","protected":false},"author":1,"featured_media":0,"comment_status":"closed","ping_status":"closed","sticky":false,"template":"","format":"standard","meta":{"site-sidebar-layout":"default","site-content-layout":"","ast-site-content-layout":"default","site-content-style":"default","site-sidebar-style":"default","ast-global-header-display":"","ast-banner-title-visibility":"","ast-main-header-display":"","ast-hfb-above-header-display":"","ast-hfb-below-header-display":"","ast-hfb-mobile-header-display":"","site-post-title":"","ast-breadcrumbs-content":"","ast-featured-img":"","footer-sml-layout":"","ast-disable-related-posts":"","theme-transparent-header-meta":"","adv-header-id-meta":"","stick-header-meta":"","header-above-stick-meta":"","header-main-stick-meta":"","header-below-stick-meta":"","astra-migrate-meta-layouts":"default","ast-page-background-enabled":"default","ast-page-background-meta":{"desktop":{"background-color":"","background-image":"","background-repeat":"repeat","background-position":"center center","background-size":"auto","background-attachment":"scroll","background-type":"","background-media":"","overlay-type":"","overlay-color":"","overlay-opacity":"","overlay-gradient":""},"tablet":{"background-color":"","background-image":"","background-repeat":"repeat","background-position":"center center","background-size":"auto","background-attachment":"scroll","background-type":"","background-media":"","overlay-type":"","overlay-color":"","overlay-opacity":"","overlay-gradient":""},"mobile":{"background-color":"","background-image":"","background-repeat":"repeat","background-position":"center center","background-size":"auto","background-attachment":"scroll","background-type":"","background-media":"","overlay-type":"","overlay-color":"","overlay-opacity":"","overlay-gradient":""}},"ast-content-background-meta":{"desktop":{"background-color":"var(--ast-global-color-5)","background-image":"","background-repeat":"repeat","background-position":"center center","background-size":"auto","background-attachment":"scroll","background-type":"","background-media":"","overlay-type":"","overlay-color":"","overlay-opacity":"","overlay-gradient":""},"tablet":{"background-color":"var(--ast-global-color-5)","background-image":"","background-repeat":"repeat","background-position":"center center","background-size":"auto","background-attachment":"scroll","background-type":"","background-media":"","overlay-type":"","overlay-color":"","overlay-opacity":"","overlay-gradient":""},"mobile":{"background-color":"var(--ast-global-color-5)","background-image":"","background-repeat":"repeat","background-position":"center center","background-size":"auto","background-attachment":"scroll","background-type":"","background-media":"","overlay-type":"","overlay-color":"","overlay-opacity":"","overlay-gradient":""}},"footnotes":""},"categories":[12],"tags":[],"class_list":["post-2694","post","type-post","status-publish","format-standard","hentry","category-circulares"],"_links":{"self":[{"href":"https:\/\/ericher.com\/en\/wp-json\/wp\/v2\/posts\/2694","targetHints":{"allow":["GET"]}}],"collection":[{"href":"https:\/\/ericher.com\/en\/wp-json\/wp\/v2\/posts"}],"about":[{"href":"https:\/\/ericher.com\/en\/wp-json\/wp\/v2\/types\/post"}],"author":[{"embeddable":true,"href":"https:\/\/ericher.com\/en\/wp-json\/wp\/v2\/users\/1"}],"replies":[{"embeddable":true,"href":"https:\/\/ericher.com\/en\/wp-json\/wp\/v2\/comments?post=2694"}],"version-history":[{"count":0,"href":"https:\/\/ericher.com\/en\/wp-json\/wp\/v2\/posts\/2694\/revisions"}],"wp:attachment":[{"href":"https:\/\/ericher.com\/en\/wp-json\/wp\/v2\/media?parent=2694"}],"wp:term":[{"taxonomy":"category","embeddable":true,"href":"https:\/\/ericher.com\/en\/wp-json\/wp\/v2\/categories?post=2694"},{"taxonomy":"post_tag","embeddable":true,"href":"https:\/\/ericher.com\/en\/wp-json\/wp\/v2\/tags?post=2694"}],"curies":[{"name":"wp","href":"https:\/\/api.w.org\/{rel}","templated":true}]}}